{"id":2747,"date":"2022-11-07T14:00:29","date_gmt":"2022-11-07T13:00:29","guid":{"rendered":"http:\/\/www.udrugafst.hr\/2717\/"},"modified":"2022-11-07T14:00:29","modified_gmt":"2022-11-07T13:00:29","slug":"2717","status":"publish","type":"post","link":"https:\/\/www.udrugafst.hr\/en\/2717\/","title":{"rendered":""},"content":{"rendered":"<div class=\"v1gmail-xdj266r v1gmail-x11i5rnm v1gmail-xat24cr v1gmail-x1mh8g0r v1gmail-x1vvkbs v1gmail-x126k92a\">\n<div dir=\"auto\"><span style=\"text-decoration: underline;\">Danas je preminuo dekan FESB-a, prof. dr. sc. Srdjan Podrug.<\/span><\/p>\n<\/div>\n<\/div>\n<div class=\"v1gmail-x11i5rnm v1gmail-xat24cr v1gmail-x1mh8g0r v1gmail-x1vvkbs v1gmail-xtlvy1s v1gmail-x126k92a\">\n<div dir=\"auto\">Bio je jedna od prvih osoba koje su pru\u017eile ruku na\u0161im upitima da, prvenstveno zbog mladih Splita, a u \u0161irem smislu i svih ostalih, radimo ne\u0161to radosno i korisno. Na FESB-u je na\u0161a ekipa (prije i poslije osnivanja Udruge F&amp;ST) za njegovih mandata organizirala niz manjih i ve\u0107ih dru\u017eenja, motivacija i edukacija, od Dana Dru\u0161tvenih Igara Split do na\u0161e konvencije.<\/div>\n<div dir=\"auto\"><\/div>\n<div dir=\"auto\">Potaknuti time kako su nas, pod njegovim vodstvom, na FESB-u primili ve\u0107 pri organizaciji prvog FantaSTikona, osjetili smo se dobrodo\u0161lim kontinuirano raditi i dalje, na motiviranju mladih umjetnika i na popularizaciji znanosti, na spajanju Splita, Hrvatske i cijelog svijeta. Vjerujemo kako je pribli\u017eio FESB nama i nas FESB-u, jer smo dobrodo\u0161li bili i nakon njegovog drugog mandata (nakon prvog FantaSTikona).<\/div>\n<div dir=\"auto\">\nPrije preuzimanja tre\u0107eg mandata, 2020. prilikom slu\u010dajnog susreta, pitao nas je kad \u0107emo opet biti na FESBu i \u0161to spremamo dalje, pokazav\u0161i ne samo da nas se sje\u0107a ve\u0107 i da prati i podr\u017eava na\u0161 rad.<\/div>\n<div dir=\"auto\">Nastavili smo i tokom tog tre\u0107eg mandata, u nekim novim okolnostima, koliko i kako su nam dopu\u0161tale.<\/div>\n<div dir=\"auto\">\nU ime nas, na\u0161e udruge, umjetnika, znanstvenika, publike Hvala Srdjane na svakom primanju, na svakom pitanju i svakom osmijehu!<br \/>\nU linku, umjesto tu\u017enih objava dana\u0161njeg dana, prenosimo intervju s po\u010detka tre\u0107eg mandata \u010dovjeka koji je \u017eivio ne samo za fakultet, sveu\u010dili\u0161te i studente ve\u0107 je FESB (ne samo kroz na\u0161e doga\u0111aje ve\u0107 i druge poput Festivala znanosti) rado redovito otvarao i djeci i mladima &#8211; neka rastu!<\/p>\n<\/div>\n<\/div>\n<p><a href=\"https:\/\/slobodnadalmacija.hr\/split\/prof-dr-srdjan-podrug-skoro-80-posto-nasih-studenata-zaposli-se-vrlo-brzo-dio-njih-i-u-vrhunskih-svjetskih-tvrtkama-ali-fesb-moze-jos-bolje-1037017\">Prof.dr. Srdjan Podrug: Skoro 80 posto na\u0161ih studenata zaposli se vrlo brzo, dio njih i u vrhunskih svjetskih tvrtkama. Ali, FESB mo\u017ee jo\u0161 bolje!<\/a><\/p>\n","protected":false},"excerpt":{"rendered":"<p>Danas je preminuo dekan FESB-a, prof. dr. sc. Srdjan Podrug. Bio je jedna od prvih osoba koje su pru\u017eile ruku na\u0161im upitima da, prvenstveno zbog mladih Splita, a u \u0161irem smislu i svih ostalih, radimo ne\u0161to radosno i korisno. Na FESB-u je na\u0161a ekipa (prije&#8230;<\/p>\n","protected":false},"author":2,"featured_media":0,"comment_status":"open","ping_status":"open","sticky":false,"template":"","format":"standard","meta":{"footnotes":""},"categories":[3],"tags":[],"_links":{"self":[{"href":"https:\/\/www.udrugafst.hr\/en\/wp-json\/wp\/v2\/posts\/2747"}],"collection":[{"href":"https:\/\/www.udrugafst.hr\/en\/wp-json\/wp\/v2\/posts"}],"about":[{"href":"https:\/\/www.udrugafst.hr\/en\/wp-json\/wp\/v2\/types\/post"}],"author":[{"embeddable":true,"href":"https:\/\/www.udrugafst.hr\/en\/wp-json\/wp\/v2\/users\/2"}],"replies":[{"embeddable":true,"href":"https:\/\/www.udrugafst.hr\/en\/wp-json\/wp\/v2\/comments?post=2747"}],"version-history":[{"count":0,"href":"https:\/\/www.udrugafst.hr\/en\/wp-json\/wp\/v2\/posts\/2747\/revisions"}],"wp:attachment":[{"href":"https:\/\/www.udrugafst.hr\/en\/wp-json\/wp\/v2\/media?parent=2747"}],"wp:term":[{"taxonomy":"category","embeddable":true,"href":"https:\/\/www.udrugafst.hr\/en\/wp-json\/wp\/v2\/categories?post=2747"},{"taxonomy":"post_tag","embeddable":true,"href":"https:\/\/www.udrugafst.hr\/en\/wp-json\/wp\/v2\/tags?post=2747"}],"curies":[{"name":"wp","href":"https:\/\/api.w.org\/{rel}","templated":true}]}}